{"id":8501,"date":"2020-10-23T19:00:00","date_gmt":"2020-10-23T18:00:00","guid":{"rendered":"https:\/\/bagesturisme.cat\/?p=8501"},"modified":"2020-10-23T12:38:16","modified_gmt":"2020-10-23T11:38:16","slug":"la-guia-de-lalberginia-blanca-del-rebost-del-bages-ja-es-aqui-aconsegueix-la","status":"publish","type":"post","link":"https:\/\/www.bagesturisme.cat\/fr\/la-guia-de-lalberginia-blanca-del-rebost-del-bages-ja-es-aqui-aconsegueix-la\/","title":{"rendered":"La guia de l\u2019alberg\u00ednia blanca del Rebost del Bages ja \u00e9s aqu\u00ed, aconsegueix-la!"},"content":{"rendered":"<p class=\"qtranxs-available-languages-message qtranxs-available-languages-message-fr\">D\u00e9sol\u00e9, cet article est seulement disponible en <a href=\"https:\/\/www.bagesturisme.cat\/ca\/wp-json\/wp\/v2\/posts\/8501\" class=\"qtranxs-available-language-link qtranxs-available-language-link-ca\" title=\"Catal\u00e0\">Catal\u00e0<\/a>.<\/p>","protected":false},"excerpt":{"rendered":"<p>D\u00e9sol\u00e9, cet article est seulement disponible en Catal\u00e0.<\/p>\n","protected":false},"author":3,"featured_media":8502,"comment_status":"closed","ping_status":"closed","sticky":false,"template":"","format":"standard","meta":{"_acf_changed":false,"_eb_attr":"","footnotes":""},"categories":[1],"tags":[],"class_list":["post-8501","post","type-post","status-publish","format-standard","has-post-thumbnail","hentry","category-general"],"acf":{"entitat":null,"celler":null,"ubicacio":null,"tipus":null,"categoria":null,"contingut_relacionat":null},"_links":{"self":[{"href":"https:\/\/www.bagesturisme.cat\/fr\/wp-json\/wp\/v2\/posts\/8501","targetHints":{"allow":["GET"]}}],"collection":[{"href":"https:\/\/www.bagesturisme.cat\/fr\/wp-json\/wp\/v2\/posts"}],"about":[{"href":"https:\/\/www.bagesturisme.cat\/fr\/wp-json\/wp\/v2\/types\/post"}],"author":[{"embeddable":true,"href":"https:\/\/www.bagesturisme.cat\/fr\/wp-json\/wp\/v2\/users\/3"}],"replies":[{"embeddable":true,"href":"https:\/\/www.bagesturisme.cat\/fr\/wp-json\/wp\/v2\/comments?post=8501"}],"version-history":[{"count":2,"href":"https:\/\/www.bagesturisme.cat\/fr\/wp-json\/wp\/v2\/posts\/8501\/revisions"}],"predecessor-version":[{"id":8505,"href":"https:\/\/www.bagesturisme.cat\/fr\/wp-json\/wp\/v2\/posts\/8501\/revisions\/8505"}],"wp:featuredmedia":[{"embeddable":true,"href":"https:\/\/www.bagesturisme.cat\/fr\/wp-json\/wp\/v2\/media\/8502"}],"wp:attachment":[{"href":"https:\/\/www.bagesturisme.cat\/fr\/wp-json\/wp\/v2\/media?parent=8501"}],"wp:term":[{"taxonomy":"category","embeddable":true,"href":"https:\/\/www.bagesturisme.cat\/fr\/wp-json\/wp\/v2\/categories?post=8501"},{"taxonomy":"post_tag","embeddable":true,"href":"https:\/\/www.bagesturisme.cat\/fr\/wp-json\/wp\/v2\/tags?post=8501"}],"curies":[{"name":"wp","href":"https:\/\/api.w.org\/{rel}","templated":true}]}}