{"id":8092,"date":"2020-05-20T11:51:52","date_gmt":"2020-05-20T10:51:52","guid":{"rendered":"https:\/\/bagesturisme.cat\/?p=8092"},"modified":"2020-05-20T11:51:52","modified_gmt":"2020-05-20T10:51:52","slug":"rebost-bages-revista-cuina-organitzen-instagram-live-donar-coneixer-olis-bages","status":"publish","type":"post","link":"https:\/\/www.bagesturisme.cat\/fr\/rebost-bages-revista-cuina-organitzen-instagram-live-donar-coneixer-olis-bages\/","title":{"rendered":"El Rebost del Bages i la revista Cuina organitzen un Instagram Live per donar a con\u00e8ixer els olis del Bages"},"content":{"rendered":"<p class=\"qtranxs-available-languages-message qtranxs-available-languages-message-fr\">D\u00e9sol\u00e9, cet article est seulement disponible en <a href=\"https:\/\/www.bagesturisme.cat\/ca\/wp-json\/wp\/v2\/posts\/8092\" class=\"qtranxs-available-language-link qtranxs-available-language-link-ca\" title=\"Catal\u00e0\">Catal\u00e0<\/a>.<\/p>","protected":false},"excerpt":{"rendered":"<p>D\u00e9sol\u00e9, cet article est seulement disponible en Catal\u00e0.<\/p>\n","protected":false},"author":3,"featured_media":8089,"comment_status":"closed","ping_status":"closed","sticky":false,"template":"","format":"standard","meta":{"_acf_changed":false,"_eb_attr":"","footnotes":""},"categories":[1],"tags":[],"class_list":["post-8092","post","type-post","status-publish","format-standard","has-post-thumbnail","hentry","category-general"],"acf":{"entitat":null,"celler":null,"ubicacio":null,"tipus":null,"categoria":null,"contingut_relacionat":null},"_links":{"self":[{"href":"https:\/\/www.bagesturisme.cat\/fr\/wp-json\/wp\/v2\/posts\/8092","targetHints":{"allow":["GET"]}}],"collection":[{"href":"https:\/\/www.bagesturisme.cat\/fr\/wp-json\/wp\/v2\/posts"}],"about":[{"href":"https:\/\/www.bagesturisme.cat\/fr\/wp-json\/wp\/v2\/types\/post"}],"author":[{"embeddable":true,"href":"https:\/\/www.bagesturisme.cat\/fr\/wp-json\/wp\/v2\/users\/3"}],"replies":[{"embeddable":true,"href":"https:\/\/www.bagesturisme.cat\/fr\/wp-json\/wp\/v2\/comments?post=8092"}],"version-history":[{"count":1,"href":"https:\/\/www.bagesturisme.cat\/fr\/wp-json\/wp\/v2\/posts\/8092\/revisions"}],"predecessor-version":[{"id":8093,"href":"https:\/\/www.bagesturisme.cat\/fr\/wp-json\/wp\/v2\/posts\/8092\/revisions\/8093"}],"wp:featuredmedia":[{"embeddable":true,"href":"https:\/\/www.bagesturisme.cat\/fr\/wp-json\/wp\/v2\/media\/8089"}],"wp:attachment":[{"href":"https:\/\/www.bagesturisme.cat\/fr\/wp-json\/wp\/v2\/media?parent=8092"}],"wp:term":[{"taxonomy":"category","embeddable":true,"href":"https:\/\/www.bagesturisme.cat\/fr\/wp-json\/wp\/v2\/categories?post=8092"},{"taxonomy":"post_tag","embeddable":true,"href":"https:\/\/www.bagesturisme.cat\/fr\/wp-json\/wp\/v2\/tags?post=8092"}],"curies":[{"name":"wp","href":"https:\/\/api.w.org\/{rel}","templated":true}]}}