{"id":17654,"global_id":"www.bagesturisme.cat\/fr?id=17654","global_id_lineage":["www.bagesturisme.cat\/fr?id=17654"],"author":"3","status":"publish","date":"2026-03-09 13:45:49","date_utc":"2026-03-09 12:45:49","modified":"2026-03-09 13:45:49","modified_utc":"2026-03-09 12:45:49","url":"https:\/\/www.bagesturisme.cat\/fr\/agenda\/jornades-gastronomiques-del-cami-ignasia\/","rest_url":"https:\/\/www.bagesturisme.cat\/fr\/wp-json\/tribe\/events\/v1\/events\/17654","title":"Jornades gastron\u00f2miques del Cam\u00ed Ignasi\u00e0","description":"<p class=\"qtranxs-available-languages-message qtranxs-available-languages-message-fr\">D\u00e9sol\u00e9, cet article est seulement disponible en <a href=\"https:\/\/www.bagesturisme.cat\/ca\/wp-json\/tribe\/events\/v1\/events\/17654\" class=\"qtranxs-available-language-link qtranxs-available-language-link-ca\" title=\"Catal\u00e0\">Catal\u00e0<\/a>.<\/p>","excerpt":"","slug":"jornades-gastronomiques-del-cami-ignasia","image":{"url":"https:\/\/www.bagesturisme.cat\/wp-content\/uploads\/2026\/03\/Cartell-Jornades-Gastronomiques-2026_CAT-1.png","id":17655,"extension":"png","width":1828,"height":2560,"filesize":394103,"sizes":{"medium":{"width":286,"height":400,"mime-type":"image\/png","filesize":41003,"url":"https:\/\/www.bagesturisme.cat\/wp-content\/uploads\/2026\/03\/Cartell-Jornades-Gastronomiques-2026_CAT-1-286x400.png"},"large":{"width":731,"height":1024,"mime-type":"image\/png","filesize":138692,"url":"https:\/\/www.bagesturisme.cat\/wp-content\/uploads\/2026\/03\/Cartell-Jornades-Gastronomiques-2026_CAT-1-731x1024.png"},"thumbnail":{"width":150,"height":150,"mime-type":"image\/png","filesize":12664,"url":"https:\/\/www.bagesturisme.cat\/wp-content\/uploads\/2026\/03\/Cartell-Jornades-Gastronomiques-2026_CAT-1-150x150.png"},"medium_large":{"width":768,"height":1076,"mime-type":"image\/png","filesize":148304,"url":"https:\/\/www.bagesturisme.cat\/wp-content\/uploads\/2026\/03\/Cartell-Jornades-Gastronomiques-2026_CAT-1-768x1076.png"},"1536x1536":{"width":1097,"height":1536,"mime-type":"image\/png","filesize":235189,"url":"https:\/\/www.bagesturisme.cat\/wp-content\/uploads\/2026\/03\/Cartell-Jornades-Gastronomiques-2026_CAT-1-1097x1536.png"},"2048x2048":{"width":1462,"height":2048,"mime-type":"image\/png","filesize":355578,"url":"https:\/\/www.bagesturisme.cat\/wp-content\/uploads\/2026\/03\/Cartell-Jornades-Gastronomiques-2026_CAT-1-1462x2048.png"},"fiat_thumb":{"width":60,"height":60,"mime-type":"image\/png","filesize":3521,"url":"https:\/\/www.bagesturisme.cat\/wp-content\/uploads\/2026\/03\/Cartell-Jornades-Gastronomiques-2026_CAT-1-60x60.png"},"blog-large":{"width":669,"height":272,"mime-type":"image\/png","filesize":44026,"url":"https:\/\/www.bagesturisme.cat\/wp-content\/uploads\/2026\/03\/Cartell-Jornades-Gastronomiques-2026_CAT-1-669x272.png"},"blog-medium":{"width":320,"height":202,"mime-type":"image\/png","filesize":26206,"url":"https:\/\/www.bagesturisme.cat\/wp-content\/uploads\/2026\/03\/Cartell-Jornades-Gastronomiques-2026_CAT-1-320x202.png"},"recent-posts":{"width":700,"height":441,"mime-type":"image\/png","filesize":69081,"url":"https:\/\/www.bagesturisme.cat\/wp-content\/uploads\/2026\/03\/Cartell-Jornades-Gastronomiques-2026_CAT-1-700x441.png"},"recent-works-thumbnail":{"width":66,"height":66,"mime-type":"image\/png","filesize":3941,"url":"https:\/\/www.bagesturisme.cat\/wp-content\/uploads\/2026\/03\/Cartell-Jornades-Gastronomiques-2026_CAT-1-66x66.png"},"fusion-200":{"width":200,"height":280,"mime-type":"image\/png","filesize":25583,"url":"https:\/\/www.bagesturisme.cat\/wp-content\/uploads\/2026\/03\/Cartell-Jornades-Gastronomiques-2026_CAT-1-200x280.png"},"fusion-400":{"width":400,"height":560,"mime-type":"image\/png","filesize":63523,"url":"https:\/\/www.bagesturisme.cat\/wp-content\/uploads\/2026\/03\/Cartell-Jornades-Gastronomiques-2026_CAT-1-400x560.png"},"fusion-600":{"width":600,"height":840,"mime-type":"image\/png","filesize":107621,"url":"https:\/\/www.bagesturisme.cat\/wp-content\/uploads\/2026\/03\/Cartell-Jornades-Gastronomiques-2026_CAT-1-600x840.png"},"fusion-800":{"width":800,"height":1120,"mime-type":"image\/png","filesize":155898,"url":"https:\/\/www.bagesturisme.cat\/wp-content\/uploads\/2026\/03\/Cartell-Jornades-Gastronomiques-2026_CAT-1-800x1120.png"},"fusion-1200":{"width":1200,"height":1681,"mime-type":"image\/png","filesize":266681,"url":"https:\/\/www.bagesturisme.cat\/wp-content\/uploads\/2026\/03\/Cartell-Jornades-Gastronomiques-2026_CAT-1-1200x1681.png"},"portfolio-full":{"width":940,"height":400,"mime-type":"image\/png","filesize":67683,"url":"https:\/\/www.bagesturisme.cat\/wp-content\/uploads\/2026\/03\/Cartell-Jornades-Gastronomiques-2026_CAT-1-940x400.png"},"portfolio-one":{"width":540,"height":272,"mime-type":"image\/png","filesize":41244,"url":"https:\/\/www.bagesturisme.cat\/wp-content\/uploads\/2026\/03\/Cartell-Jornades-Gastronomiques-2026_CAT-1-540x272.png"},"portfolio-two":{"width":460,"height":295,"mime-type":"image\/png","filesize":40886,"url":"https:\/\/www.bagesturisme.cat\/wp-content\/uploads\/2026\/03\/Cartell-Jornades-Gastronomiques-2026_CAT-1-460x295.png"},"portfolio-three":{"width":300,"height":214,"mime-type":"image\/png","filesize":25868,"url":"https:\/\/www.bagesturisme.cat\/wp-content\/uploads\/2026\/03\/Cartell-Jornades-Gastronomiques-2026_CAT-1-300x214.png"},"portfolio-five":{"width":177,"height":142,"mime-type":"image\/png","filesize":13417,"url":"https:\/\/www.bagesturisme.cat\/wp-content\/uploads\/2026\/03\/Cartell-Jornades-Gastronomiques-2026_CAT-1-177x142.png"}}},"all_day":true,"start_date":"2026-03-21 00:00:00","start_date_details":{"year":"2026","month":"03","day":"21","hour":"00","minutes":"00","seconds":"00"},"end_date":"2026-03-22 23:59:59","end_date_details":{"year":"2026","month":"03","day":"22","hour":"23","minutes":"59","seconds":"59"},"utc_start_date":"2026-03-20 23:00:00","utc_start_date_details":{"year":"2026","month":"03","day":"20","hour":"23","minutes":"00","seconds":"00"},"utc_end_date":"2026-03-22 22:59:59","utc_end_date_details":{"year":"2026","month":"03","day":"22","hour":"22","minutes":"59","seconds":"59"},"timezone":"UTC+1","timezone_abbr":"UTC+1","cost":"","cost_details":{"currency_symbol":"$","currency_code":"USD","currency_position":"prefix","values":[]},"website":"http:\/\/www.manresaturisme.cat\/cat\/menu\/18672-jornades-gastronomiques-del-cami-ignasia-2026","show_map":true,"show_map_link":true,"hide_from_listings":false,"sticky":false,"featured":false,"categories":[{"name":"Fires","slug":"fires-i-festes","term_group":0,"term_taxonomy_id":376,"taxonomy":"tribe_events_cat","description":"","parent":0,"count":11,"filter":"raw","term_order":"0","order":"0","i18n_config":{"name":{"ts":{"ca":"Fires i Festes","es":"Ferias y Fiestas","en":"Fires","fr":"Fires"}}},"id":376,"urls":{"self":"https:\/\/www.bagesturisme.cat\/fr\/wp-json\/tribe\/events\/v1\/categories\/376","collection":"https:\/\/www.bagesturisme.cat\/fr\/wp-json\/tribe\/events\/v1\/categories"}}],"tags":[],"venue":{"id":17624,"author":"3","status":"publish","date":"2026-03-05 10:13:50","date_utc":"2026-03-05 09:13:50","modified":"2026-03-05 10:13:50","modified_utc":"2026-03-05 09:13:50","url":"https:\/\/www.bagesturisme.cat\/fr\/lieu\/museu-del-barroc-de-catalunya\/","venue":"Museu del Barroc de Catalunya","slug":"museu-del-barroc-de-catalunya","address":"Museu del Barroc de Catalunya, Pla\u00e7a de Sant Ignasi, 14","city":"Manresa","country":"Spain","province":"Barcelona","zip":"08241","website":"https:\/\/museudelbarroc.cat\/","stateprovince":"Barcelona","json_ld":{"@type":"Place","name":"Museu del Barroc de Catalunya","description":"","url":"","address":{"@type":"PostalAddress","streetAddress":"Museu del Barroc de Catalunya, Pla\u00e7a de Sant Ignasi, 14","addressLocality":"Manresa","addressRegion":"Barcelona","postalCode":"08241","addressCountry":"Spain"},"telephone":"","sameAs":"https:\/\/museudelbarroc.cat\/"},"show_map":true,"show_map_link":true,"global_id":"www.bagesturisme.cat\/fr?id=17624","global_id_lineage":["www.bagesturisme.cat\/fr?id=17624"]},"organizer":[{"id":17621,"author":"3","status":"publish","date":"2026-03-05 10:07:42","date_utc":"2026-03-05 09:07:42","modified":"2026-03-05 10:07:42","modified_utc":"2026-03-05 09:07:42","url":"https:\/\/www.bagesturisme.cat\/fr\/organisateur\/manresa-dactius-turistics-museus-i-fires\/","organizer":"Manresa d&rsquo;Actius Tur\u00edstics, Museus i Fires","slug":"manresa-dactius-turistics-museus-i-fires","website":"https:\/\/www.matmusa.cat\/","json_ld":{"@type":"Person","name":"Manresa d&rsquo;Actius Tur\u00edstics, Museus i Fires","description":"","url":"https:\/\/www.matmusa.cat\/","telephone":"","email":"","sameAs":"https:\/\/www.matmusa.cat\/"},"global_id":"www.bagesturisme.cat\/fr?id=17621","global_id_lineage":["www.bagesturisme.cat\/fr?id=17621"]}],"custom_fields":[],"json_ld":{"@context":"http:\/\/schema.org","@type":"Event","name":"Jornades gastron\u00f2miques del Cam\u00ed Ignasi\u00e0","description":"&lt;p&gt;Manresana d\u2019Actius Tur\u00edstics, Museus i Fires i l\u2019Ajuntament de Manresa organitzen les 9es Jornades Gastron\u00f2miques del Cam\u00ed Ignasi\u00e0, un esdeveniment on els productes de la terra, els productors i la cuina del Bages i dels territoris que conformen el Cam\u00ed Ignasi\u00e0 esdevindran els principals atractius i protagonistes. Celebrades al Claustre del Museu del Barroc de  [...]&lt;\/p&gt;\\n","image":"https:\/\/www.bagesturisme.cat\/wp-content\/uploads\/2026\/03\/Cartell-Jornades-Gastronomiques-2026_CAT-1.png","url":"https:\/\/www.bagesturisme.cat\/fr\/agenda\/jornades-gastronomiques-del-cami-ignasia\/","eventAttendanceMode":"https:\/\/schema.org\/OfflineEventAttendanceMode","eventStatus":"https:\/\/schema.org\/EventScheduled","startDate":"2026-03-21T00:00:00+01:00","endDate":"2026-03-22T23:59:59+01:00","location":{"@type":"Place","name":"Museu del Barroc de Catalunya","description":"","url":"","address":{"@type":"PostalAddress","streetAddress":"Museu del Barroc de Catalunya, Pla\u00e7a de Sant Ignasi, 14","addressLocality":"Manresa","addressRegion":"Barcelona","postalCode":"08241","addressCountry":"Spain"},"telephone":"","sameAs":"https:\/\/museudelbarroc.cat\/"},"organizer":{"@type":"Person","name":"Manresa d&rsquo;Actius Tur\u00edstics, Museus i Fires","description":"","url":"https:\/\/www.matmusa.cat\/","telephone":"","email":"","sameAs":"https:\/\/www.matmusa.cat\/"},"performer":"Organization"}}