{"id":17648,"global_id":"www.bagesturisme.cat\/fr?id=17648","global_id_lineage":["www.bagesturisme.cat\/fr?id=17648"],"author":"3","status":"publish","date":"2026-03-09 13:33:06","date_utc":"2026-03-09 12:33:06","modified":"2026-03-09 13:33:06","modified_utc":"2026-03-09 12:33:06","url":"https:\/\/www.bagesturisme.cat\/fr\/agenda\/visita-guiada-al-museu-del-barroc-de-catalunya\/","rest_url":"https:\/\/www.bagesturisme.cat\/fr\/wp-json\/tribe\/events\/v1\/events\/17648","title":"Visita guiada al Museu del Barroc de Catalunya","description":"<p class=\"qtranxs-available-languages-message qtranxs-available-languages-message-fr\">D\u00e9sol\u00e9, cet article est seulement disponible en <a href=\"https:\/\/www.bagesturisme.cat\/ca\/wp-json\/tribe\/events\/v1\/events\/17648\" class=\"qtranxs-available-language-link qtranxs-available-language-link-ca\" title=\"Catal\u00e0\">Catal\u00e0<\/a>.<\/p>","excerpt":"","slug":"visita-guiada-al-museu-del-barroc-de-catalunya","image":{"url":"https:\/\/www.bagesturisme.cat\/wp-content\/uploads\/2026\/03\/BAIXA_MUSEU-DEL-BARROC_TXUS-GARCIA_03_004_IMG27183-1-1024x682-1.jpg","id":17649,"extension":"jpg","width":1024,"height":682,"filesize":95363,"sizes":{"medium":{"width":601,"height":400,"mime-type":"image\/jpeg","filesize":54226,"url":"https:\/\/www.bagesturisme.cat\/wp-content\/uploads\/2026\/03\/BAIXA_MUSEU-DEL-BARROC_TXUS-GARCIA_03_004_IMG27183-1-1024x682-1-601x400.jpg"},"thumbnail":{"width":150,"height":150,"mime-type":"image\/jpeg","filesize":8082,"url":"https:\/\/www.bagesturisme.cat\/wp-content\/uploads\/2026\/03\/BAIXA_MUSEU-DEL-BARROC_TXUS-GARCIA_03_004_IMG27183-1-1024x682-1-150x150.jpg"},"medium_large":{"width":768,"height":512,"mime-type":"image\/jpeg","filesize":79567,"url":"https:\/\/www.bagesturisme.cat\/wp-content\/uploads\/2026\/03\/BAIXA_MUSEU-DEL-BARROC_TXUS-GARCIA_03_004_IMG27183-1-1024x682-1-768x512.jpg"},"fiat_thumb":{"width":60,"height":60,"mime-type":"image\/jpeg","filesize":2314,"url":"https:\/\/www.bagesturisme.cat\/wp-content\/uploads\/2026\/03\/BAIXA_MUSEU-DEL-BARROC_TXUS-GARCIA_03_004_IMG27183-1-1024x682-1-60x60.jpg"},"blog-large":{"width":669,"height":272,"mime-type":"image\/jpeg","filesize":38356,"url":"https:\/\/www.bagesturisme.cat\/wp-content\/uploads\/2026\/03\/BAIXA_MUSEU-DEL-BARROC_TXUS-GARCIA_03_004_IMG27183-1-1024x682-1-669x272.jpg"},"blog-medium":{"width":320,"height":202,"mime-type":"image\/jpeg","filesize":19097,"url":"https:\/\/www.bagesturisme.cat\/wp-content\/uploads\/2026\/03\/BAIXA_MUSEU-DEL-BARROC_TXUS-GARCIA_03_004_IMG27183-1-1024x682-1-320x202.jpg"},"recent-posts":{"width":700,"height":441,"mime-type":"image\/jpeg","filesize":65711,"url":"https:\/\/www.bagesturisme.cat\/wp-content\/uploads\/2026\/03\/BAIXA_MUSEU-DEL-BARROC_TXUS-GARCIA_03_004_IMG27183-1-1024x682-1-700x441.jpg"},"recent-works-thumbnail":{"width":66,"height":66,"mime-type":"image\/jpeg","filesize":2678,"url":"https:\/\/www.bagesturisme.cat\/wp-content\/uploads\/2026\/03\/BAIXA_MUSEU-DEL-BARROC_TXUS-GARCIA_03_004_IMG27183-1-1024x682-1-66x66.jpg"},"fusion-200":{"width":200,"height":133,"mime-type":"image\/jpeg","filesize":9621,"url":"https:\/\/www.bagesturisme.cat\/wp-content\/uploads\/2026\/03\/BAIXA_MUSEU-DEL-BARROC_TXUS-GARCIA_03_004_IMG27183-1-1024x682-1-200x133.jpg"},"fusion-400":{"width":400,"height":266,"mime-type":"image\/jpeg","filesize":28285,"url":"https:\/\/www.bagesturisme.cat\/wp-content\/uploads\/2026\/03\/BAIXA_MUSEU-DEL-BARROC_TXUS-GARCIA_03_004_IMG27183-1-1024x682-1-400x266.jpg"},"fusion-600":{"width":600,"height":400,"mime-type":"image\/jpeg","filesize":53916,"url":"https:\/\/www.bagesturisme.cat\/wp-content\/uploads\/2026\/03\/BAIXA_MUSEU-DEL-BARROC_TXUS-GARCIA_03_004_IMG27183-1-1024x682-1-600x400.jpg"},"fusion-800":{"width":800,"height":533,"mime-type":"image\/jpeg","filesize":85012,"url":"https:\/\/www.bagesturisme.cat\/wp-content\/uploads\/2026\/03\/BAIXA_MUSEU-DEL-BARROC_TXUS-GARCIA_03_004_IMG27183-1-1024x682-1-800x533.jpg"},"portfolio-full":{"width":940,"height":400,"mime-type":"image\/jpeg","filesize":67627,"url":"https:\/\/www.bagesturisme.cat\/wp-content\/uploads\/2026\/03\/BAIXA_MUSEU-DEL-BARROC_TXUS-GARCIA_03_004_IMG27183-1-1024x682-1-940x400.jpg"},"portfolio-one":{"width":540,"height":272,"mime-type":"image\/jpeg","filesize":33932,"url":"https:\/\/www.bagesturisme.cat\/wp-content\/uploads\/2026\/03\/BAIXA_MUSEU-DEL-BARROC_TXUS-GARCIA_03_004_IMG27183-1-1024x682-1-540x272.jpg"},"portfolio-two":{"width":460,"height":295,"mime-type":"image\/jpeg","filesize":34092,"url":"https:\/\/www.bagesturisme.cat\/wp-content\/uploads\/2026\/03\/BAIXA_MUSEU-DEL-BARROC_TXUS-GARCIA_03_004_IMG27183-1-1024x682-1-460x295.jpg"},"portfolio-three":{"width":300,"height":214,"mime-type":"image\/jpeg","filesize":18860,"url":"https:\/\/www.bagesturisme.cat\/wp-content\/uploads\/2026\/03\/BAIXA_MUSEU-DEL-BARROC_TXUS-GARCIA_03_004_IMG27183-1-1024x682-1-300x214.jpg"},"portfolio-five":{"width":177,"height":142,"mime-type":"image\/jpeg","filesize":8884,"url":"https:\/\/www.bagesturisme.cat\/wp-content\/uploads\/2026\/03\/BAIXA_MUSEU-DEL-BARROC_TXUS-GARCIA_03_004_IMG27183-1-1024x682-1-177x142.jpg"}}},"all_day":true,"start_date":"2026-03-14 00:00:00","start_date_details":{"year":"2026","month":"03","day":"14","hour":"00","minutes":"00","seconds":"00"},"end_date":"2026-03-15 23:59:59","end_date_details":{"year":"2026","month":"03","day":"15","hour":"23","minutes":"59","seconds":"59"},"utc_start_date":"2026-03-13 23:00:00","utc_start_date_details":{"year":"2026","month":"03","day":"13","hour":"23","minutes":"00","seconds":"00"},"utc_end_date":"2026-03-15 22:59:59","utc_end_date_details":{"year":"2026","month":"03","day":"15","hour":"22","minutes":"59","seconds":"59"},"timezone":"UTC+1","timezone_abbr":"UTC+1","cost":"\u20ac12","cost_details":{"currency_symbol":"\u20ac","currency_code":"EUR","currency_position":"prefix","values":["9.6","12"]},"website":"https:\/\/museudelbarroc.cat\/visites-guiades-al-museu-del-barroc-de-catalunya\/","show_map":true,"show_map_link":true,"hide_from_listings":false,"sticky":false,"featured":false,"categories":[],"tags":[],"venue":{"id":17624,"author":"3","status":"publish","date":"2026-03-05 10:13:50","date_utc":"2026-03-05 09:13:50","modified":"2026-03-05 10:13:50","modified_utc":"2026-03-05 09:13:50","url":"https:\/\/www.bagesturisme.cat\/fr\/lieu\/museu-del-barroc-de-catalunya\/","venue":"Museu del Barroc de Catalunya","slug":"museu-del-barroc-de-catalunya","address":"Museu del Barroc de Catalunya, Pla\u00e7a de Sant Ignasi, 14","city":"Manresa","country":"Spain","province":"Barcelona","zip":"08241","website":"https:\/\/museudelbarroc.cat\/","stateprovince":"Barcelona","json_ld":{"@type":"Place","name":"Museu del Barroc de Catalunya","description":"","url":"","address":{"@type":"PostalAddress","streetAddress":"Museu del Barroc de Catalunya, Pla\u00e7a de Sant Ignasi, 14","addressLocality":"Manresa","addressRegion":"Barcelona","postalCode":"08241","addressCountry":"Spain"},"telephone":"","sameAs":"https:\/\/museudelbarroc.cat\/"},"show_map":true,"show_map_link":true,"global_id":"www.bagesturisme.cat\/fr?id=17624","global_id_lineage":["www.bagesturisme.cat\/fr?id=17624"]},"organizer":[{"id":17625,"author":"3","status":"publish","date":"2026-03-05 10:13:50","date_utc":"2026-03-05 09:13:50","modified":"2026-03-05 10:13:50","modified_utc":"2026-03-05 09:13:50","url":"https:\/\/www.bagesturisme.cat\/fr\/organisateur\/museu-del-barroc\/","organizer":"Museu del Barroc","slug":"museu-del-barroc","website":"https:\/\/museudelbarroc.cat\/","json_ld":{"@type":"Person","name":"Museu del Barroc","description":"","url":"https:\/\/museudelbarroc.cat\/","telephone":"","email":"","sameAs":"https:\/\/museudelbarroc.cat\/"},"global_id":"www.bagesturisme.cat\/fr?id=17625","global_id_lineage":["www.bagesturisme.cat\/fr?id=17625"]}],"custom_fields":[],"json_ld":{"@context":"http:\/\/schema.org","@type":"Event","name":"Visita guiada al Museu del Barroc de Catalunya","description":"&lt;p&gt;El Museu del Barroc de Catalunya, declarat museu d\u2019inter\u00e8s nacional fa de Manresa el lloc de refer\u00e8ncia sobre la interpretaci\u00f3 de l\u2019art barroc catal\u00e0. Alberga prop de 200 obres d\u2019art que s\u2019acompanyen de m\u00fasica, audiovisuals i efectes de llum per oferir un viatge fascinant a trav\u00e9s de la cultura, el paisatge i l\u2019art al llarg  [...]&lt;\/p&gt;\\n","image":"https:\/\/www.bagesturisme.cat\/wp-content\/uploads\/2026\/03\/BAIXA_MUSEU-DEL-BARROC_TXUS-GARCIA_03_004_IMG27183-1-1024x682-1.jpg","url":"https:\/\/www.bagesturisme.cat\/fr\/agenda\/visita-guiada-al-museu-del-barroc-de-catalunya\/","eventAttendanceMode":"https:\/\/schema.org\/OfflineEventAttendanceMode","eventStatus":"https:\/\/schema.org\/EventScheduled","startDate":"2026-03-14T00:00:00+01:00","endDate":"2026-03-15T23:59:59+01:00","location":{"@type":"Place","name":"Museu del Barroc de Catalunya","description":"","url":"","address":{"@type":"PostalAddress","streetAddress":"Museu del Barroc de Catalunya, Pla\u00e7a de Sant Ignasi, 14","addressLocality":"Manresa","addressRegion":"Barcelona","postalCode":"08241","addressCountry":"Spain"},"telephone":"","sameAs":"https:\/\/museudelbarroc.cat\/"},"organizer":{"@type":"Person","name":"Museu del Barroc","description":"","url":"https:\/\/museudelbarroc.cat\/","telephone":"","email":"","sameAs":"https:\/\/museudelbarroc.cat\/"},"offers":{"@type":"Offer","price":"12","priceCurrency":"EUR","url":"https:\/\/www.bagesturisme.cat\/fr\/agenda\/visita-guiada-al-museu-del-barroc-de-catalunya\/","category":"primary","availability":"inStock","validFrom":"2026-03-09T00:00:00+00:00"},"performer":"Organization"}}