{"id":9343,"date":"2021-03-15T15:48:08","date_gmt":"2021-03-15T14:48:08","guid":{"rendered":"https:\/\/bagesturisme.cat\/?p=9343"},"modified":"2021-03-15T16:40:06","modified_gmt":"2021-03-15T15:40:06","slug":"els-tallers-de-turisme-denguany-arrenquen-parlant-de-la-gestio-de-la-reputacio-en-temps-de-covid","status":"publish","type":"post","link":"https:\/\/www.bagesturisme.cat\/es\/els-tallers-de-turisme-denguany-arrenquen-parlant-de-la-gestio-de-la-reputacio-en-temps-de-covid\/","title":{"rendered":"Els Tallers de Turisme d\u2019enguany arrenquen parlant de la gesti\u00f3 de la reputaci\u00f3 en temps de Covid"},"content":{"rendered":"<p class=\"qtranxs-available-languages-message qtranxs-available-languages-message-es\">Disculpa, pero esta entrada est\u00e1 disponible s\u00f3lo en <a href=\"https:\/\/www.bagesturisme.cat\/ca\/wp-json\/wp\/v2\/posts\/9343\" class=\"qtranxs-available-language-link qtranxs-available-language-link-ca\" title=\"Catal\u00e0\">Catal\u00e0<\/a>.<\/p>","protected":false},"excerpt":{"rendered":"<p>Disculpa, pero esta entrada est\u00e1 disponible s\u00f3lo en Catal\u00e0.<\/p>\n","protected":false},"author":3,"featured_media":9344,"comment_status":"closed","ping_status":"closed","sticky":false,"template":"","format":"standard","meta":{"_acf_changed":false,"_eb_attr":"","footnotes":""},"categories":[1],"tags":[],"class_list":["post-9343","post","type-post","status-publish","format-standard","has-post-thumbnail","hentry","category-general"],"acf":{"entitat":null,"celler":null,"ubicacio":null,"tipus":null,"categoria":null,"contingut_relacionat":null},"_links":{"self":[{"href":"https:\/\/www.bagesturisme.cat\/es\/wp-json\/wp\/v2\/posts\/9343","targetHints":{"allow":["GET"]}}],"collection":[{"href":"https:\/\/www.bagesturisme.cat\/es\/wp-json\/wp\/v2\/posts"}],"about":[{"href":"https:\/\/www.bagesturisme.cat\/es\/wp-json\/wp\/v2\/types\/post"}],"author":[{"embeddable":true,"href":"https:\/\/www.bagesturisme.cat\/es\/wp-json\/wp\/v2\/users\/3"}],"replies":[{"embeddable":true,"href":"https:\/\/www.bagesturisme.cat\/es\/wp-json\/wp\/v2\/comments?post=9343"}],"version-history":[{"count":3,"href":"https:\/\/www.bagesturisme.cat\/es\/wp-json\/wp\/v2\/posts\/9343\/revisions"}],"predecessor-version":[{"id":9347,"href":"https:\/\/www.bagesturisme.cat\/es\/wp-json\/wp\/v2\/posts\/9343\/revisions\/9347"}],"wp:featuredmedia":[{"embeddable":true,"href":"https:\/\/www.bagesturisme.cat\/es\/wp-json\/wp\/v2\/media\/9344"}],"wp:attachment":[{"href":"https:\/\/www.bagesturisme.cat\/es\/wp-json\/wp\/v2\/media?parent=9343"}],"wp:term":[{"taxonomy":"category","embeddable":true,"href":"https:\/\/www.bagesturisme.cat\/es\/wp-json\/wp\/v2\/categories?post=9343"},{"taxonomy":"post_tag","embeddable":true,"href":"https:\/\/www.bagesturisme.cat\/es\/wp-json\/wp\/v2\/tags?post=9343"}],"curies":[{"name":"wp","href":"https:\/\/api.w.org\/{rel}","templated":true}]}}