{"id":8360,"date":"2020-07-08T08:16:55","date_gmt":"2020-07-08T07:16:55","guid":{"rendered":"https:\/\/bagesturisme.cat\/?p=8360"},"modified":"2020-07-08T08:45:11","modified_gmt":"2020-07-08T07:45:11","slug":"aquest-juliol-vine-al-bages-amb-tota-la-familia","status":"publish","type":"post","link":"https:\/\/www.bagesturisme.cat\/es\/aquest-juliol-vine-al-bages-amb-tota-la-familia\/","title":{"rendered":"Aquest juliol, vine al Bages amb tota la fam\u00edlia!"},"content":{"rendered":"<p class=\"qtranxs-available-languages-message qtranxs-available-languages-message-es\">Disculpa, pero esta entrada est\u00e1 disponible s\u00f3lo en <a href=\"https:\/\/www.bagesturisme.cat\/ca\/wp-json\/wp\/v2\/posts\/8360\" class=\"qtranxs-available-language-link qtranxs-available-language-link-ca\" title=\"Catal\u00e0\">Catal\u00e0<\/a>.<\/p>","protected":false},"excerpt":{"rendered":"<p>Disculpa, pero esta entrada est\u00e1 disponible s\u00f3lo en Catal\u00e0.<\/p>\n","protected":false},"author":3,"featured_media":0,"comment_status":"closed","ping_status":"closed","sticky":false,"template":"","format":"standard","meta":{"_acf_changed":false,"_eb_attr":"","footnotes":""},"categories":[1],"tags":[206],"class_list":["post-8360","post","type-post","status-publish","format-standard","hentry","category-general","tag-en-familia"],"acf":{"entitat":null,"celler":null,"ubicacio":null,"tipus":null,"categoria":null,"contingut_relacionat":null},"_links":{"self":[{"href":"https:\/\/www.bagesturisme.cat\/es\/wp-json\/wp\/v2\/posts\/8360","targetHints":{"allow":["GET"]}}],"collection":[{"href":"https:\/\/www.bagesturisme.cat\/es\/wp-json\/wp\/v2\/posts"}],"about":[{"href":"https:\/\/www.bagesturisme.cat\/es\/wp-json\/wp\/v2\/types\/post"}],"author":[{"embeddable":true,"href":"https:\/\/www.bagesturisme.cat\/es\/wp-json\/wp\/v2\/users\/3"}],"replies":[{"embeddable":true,"href":"https:\/\/www.bagesturisme.cat\/es\/wp-json\/wp\/v2\/comments?post=8360"}],"version-history":[{"count":16,"href":"https:\/\/www.bagesturisme.cat\/es\/wp-json\/wp\/v2\/posts\/8360\/revisions"}],"predecessor-version":[{"id":8381,"href":"https:\/\/www.bagesturisme.cat\/es\/wp-json\/wp\/v2\/posts\/8360\/revisions\/8381"}],"wp:attachment":[{"href":"https:\/\/www.bagesturisme.cat\/es\/wp-json\/wp\/v2\/media?parent=8360"}],"wp:term":[{"taxonomy":"category","embeddable":true,"href":"https:\/\/www.bagesturisme.cat\/es\/wp-json\/wp\/v2\/categories?post=8360"},{"taxonomy":"post_tag","embeddable":true,"href":"https:\/\/www.bagesturisme.cat\/es\/wp-json\/wp\/v2\/tags?post=8360"}],"curies":[{"name":"wp","href":"https:\/\/api.w.org\/{rel}","templated":true}]}}