{"id":13067,"date":"2023-07-01T09:58:05","date_gmt":"2023-07-01T08:58:05","guid":{"rendered":"https:\/\/bagesturisme.cat\/?p=13067"},"modified":"2023-08-07T10:21:57","modified_gmt":"2023-08-07T09:21:57","slug":"vine-de-vacances-al-bages","status":"publish","type":"post","link":"https:\/\/www.bagesturisme.cat\/es\/vine-de-vacances-al-bages\/","title":{"rendered":"Vine de vacances al Bages!"},"content":{"rendered":"<p class=\"qtranxs-available-languages-message qtranxs-available-languages-message-es\">Disculpa, pero esta entrada est\u00e1 disponible s\u00f3lo en <a href=\"https:\/\/www.bagesturisme.cat\/ca\/wp-json\/wp\/v2\/posts\/13067\" class=\"qtranxs-available-language-link qtranxs-available-language-link-ca\" title=\"Catal\u00e0\">Catal\u00e0<\/a>.<\/p>","protected":false},"excerpt":{"rendered":"<p>Disculpa, pero esta entrada est\u00e1 disponible s\u00f3lo en Catal\u00e0.<\/p>\n","protected":false},"author":3,"featured_media":0,"comment_status":"closed","ping_status":"closed","sticky":false,"template":"","format":"standard","meta":{"_acf_changed":false,"_eb_attr":"","footnotes":""},"categories":[1],"tags":[],"class_list":["post-13067","post","type-post","status-publish","format-standard","hentry","category-general"],"acf":{"entitat":null,"celler":null,"ubicacio":null,"tipus":null,"categoria":null,"contingut_relacionat":null},"_links":{"self":[{"href":"https:\/\/www.bagesturisme.cat\/es\/wp-json\/wp\/v2\/posts\/13067","targetHints":{"allow":["GET"]}}],"collection":[{"href":"https:\/\/www.bagesturisme.cat\/es\/wp-json\/wp\/v2\/posts"}],"about":[{"href":"https:\/\/www.bagesturisme.cat\/es\/wp-json\/wp\/v2\/types\/post"}],"author":[{"embeddable":true,"href":"https:\/\/www.bagesturisme.cat\/es\/wp-json\/wp\/v2\/users\/3"}],"replies":[{"embeddable":true,"href":"https:\/\/www.bagesturisme.cat\/es\/wp-json\/wp\/v2\/comments?post=13067"}],"version-history":[{"count":7,"href":"https:\/\/www.bagesturisme.cat\/es\/wp-json\/wp\/v2\/posts\/13067\/revisions"}],"predecessor-version":[{"id":13074,"href":"https:\/\/www.bagesturisme.cat\/es\/wp-json\/wp\/v2\/posts\/13067\/revisions\/13074"}],"wp:attachment":[{"href":"https:\/\/www.bagesturisme.cat\/es\/wp-json\/wp\/v2\/media?parent=13067"}],"wp:term":[{"taxonomy":"category","embeddable":true,"href":"https:\/\/www.bagesturisme.cat\/es\/wp-json\/wp\/v2\/categories?post=13067"},{"taxonomy":"post_tag","embeddable":true,"href":"https:\/\/www.bagesturisme.cat\/es\/wp-json\/wp\/v2\/tags?post=13067"}],"curies":[{"name":"wp","href":"https:\/\/api.w.org\/{rel}","templated":true}]}}