{"id":17657,"global_id":"www.bagesturisme.cat\/es?id=17657","global_id_lineage":["www.bagesturisme.cat\/es?id=17657"],"author":"3","status":"publish","date":"2026-03-09 13:52:30","date_utc":"2026-03-09 12:52:30","modified":"2026-03-09 13:52:30","modified_utc":"2026-03-09 12:52:30","url":"https:\/\/www.bagesturisme.cat\/es\/agenda\/visita-guiada-a-linterior-de-lanonima\/","rest_url":"https:\/\/www.bagesturisme.cat\/es\/wp-json\/tribe\/events\/v1\/events\/17657","title":"Visita guiada a l&#8217;interior de l&#8217;An\u00f2nima","description":"<p class=\"qtranxs-available-languages-message qtranxs-available-languages-message-es\">Disculpa, pero esta entrada est\u00e1 disponible s\u00f3lo en <a href=\"https:\/\/www.bagesturisme.cat\/ca\/wp-json\/tribe\/events\/v1\/events\/17657\" class=\"qtranxs-available-language-link qtranxs-available-language-link-ca\" title=\"Catal\u00e0\">Catal\u00e0<\/a>.<\/p>","excerpt":"","slug":"visita-guiada-a-linterior-de-lanonima","image":{"url":"https:\/\/www.bagesturisme.cat\/wp-content\/uploads\/2026\/03\/anonima_agp1982_8396-previa_2.jpg","id":17658,"extension":"jpg","width":2362,"height":1772,"filesize":1869168,"sizes":{"medium":{"width":533,"height":400,"mime-type":"image\/jpeg","filesize":128790,"url":"https:\/\/www.bagesturisme.cat\/wp-content\/uploads\/2026\/03\/anonima_agp1982_8396-previa_2-533x400.jpg"},"large":{"width":1280,"height":960,"mime-type":"image\/jpeg","filesize":748477,"url":"https:\/\/www.bagesturisme.cat\/wp-content\/uploads\/2026\/03\/anonima_agp1982_8396-previa_2-1280x960.jpg"},"thumbnail":{"width":150,"height":150,"mime-type":"image\/jpeg","filesize":15325,"url":"https:\/\/www.bagesturisme.cat\/wp-content\/uploads\/2026\/03\/anonima_agp1982_8396-previa_2-150x150.jpg"},"medium_large":{"width":768,"height":576,"mime-type":"image\/jpeg","filesize":263221,"url":"https:\/\/www.bagesturisme.cat\/wp-content\/uploads\/2026\/03\/anonima_agp1982_8396-previa_2-768x576.jpg"},"1536x1536":{"width":1536,"height":1152,"mime-type":"image\/jpeg","filesize":1080814,"url":"https:\/\/www.bagesturisme.cat\/wp-content\/uploads\/2026\/03\/anonima_agp1982_8396-previa_2-1536x1152.jpg"},"2048x2048":{"width":2048,"height":1536,"mime-type":"image\/jpeg","filesize":1861961,"url":"https:\/\/www.bagesturisme.cat\/wp-content\/uploads\/2026\/03\/anonima_agp1982_8396-previa_2-2048x1536.jpg"},"fiat_thumb":{"width":60,"height":60,"mime-type":"image\/jpeg","filesize":4145,"url":"https:\/\/www.bagesturisme.cat\/wp-content\/uploads\/2026\/03\/anonima_agp1982_8396-previa_2-60x60.jpg"},"blog-large":{"width":669,"height":272,"mime-type":"image\/jpeg","filesize":122392,"url":"https:\/\/www.bagesturisme.cat\/wp-content\/uploads\/2026\/03\/anonima_agp1982_8396-previa_2-669x272.jpg"},"blog-medium":{"width":320,"height":202,"mime-type":"image\/jpeg","filesize":44794,"url":"https:\/\/www.bagesturisme.cat\/wp-content\/uploads\/2026\/03\/anonima_agp1982_8396-previa_2-320x202.jpg"},"recent-posts":{"width":700,"height":441,"mime-type":"image\/jpeg","filesize":199338,"url":"https:\/\/www.bagesturisme.cat\/wp-content\/uploads\/2026\/03\/anonima_agp1982_8396-previa_2-700x441.jpg"},"recent-works-thumbnail":{"width":66,"height":66,"mime-type":"image\/jpeg","filesize":4746,"url":"https:\/\/www.bagesturisme.cat\/wp-content\/uploads\/2026\/03\/anonima_agp1982_8396-previa_2-66x66.jpg"},"fusion-200":{"width":200,"height":150,"mime-type":"image\/jpeg","filesize":21603,"url":"https:\/\/www.bagesturisme.cat\/wp-content\/uploads\/2026\/03\/anonima_agp1982_8396-previa_2-200x150.jpg"},"fusion-400":{"width":400,"height":300,"mime-type":"image\/jpeg","filesize":74280,"url":"https:\/\/www.bagesturisme.cat\/wp-content\/uploads\/2026\/03\/anonima_agp1982_8396-previa_2-400x300.jpg"},"fusion-600":{"width":600,"height":450,"mime-type":"image\/jpeg","filesize":162356,"url":"https:\/\/www.bagesturisme.cat\/wp-content\/uploads\/2026\/03\/anonima_agp1982_8396-previa_2-600x450.jpg"},"fusion-800":{"width":800,"height":600,"mime-type":"image\/jpeg","filesize":284634,"url":"https:\/\/www.bagesturisme.cat\/wp-content\/uploads\/2026\/03\/anonima_agp1982_8396-previa_2-800x600.jpg"},"fusion-1200":{"width":1200,"height":900,"mime-type":"image\/jpeg","filesize":657012,"url":"https:\/\/www.bagesturisme.cat\/wp-content\/uploads\/2026\/03\/anonima_agp1982_8396-previa_2-1200x900.jpg"},"portfolio-full":{"width":940,"height":400,"mime-type":"image\/jpeg","filesize":252994,"url":"https:\/\/www.bagesturisme.cat\/wp-content\/uploads\/2026\/03\/anonima_agp1982_8396-previa_2-940x400.jpg"},"portfolio-one":{"width":540,"height":272,"mime-type":"image\/jpeg","filesize":97859,"url":"https:\/\/www.bagesturisme.cat\/wp-content\/uploads\/2026\/03\/anonima_agp1982_8396-previa_2-540x272.jpg"},"portfolio-two":{"width":460,"height":295,"mime-type":"image\/jpeg","filesize":87873,"url":"https:\/\/www.bagesturisme.cat\/wp-content\/uploads\/2026\/03\/anonima_agp1982_8396-previa_2-460x295.jpg"},"portfolio-three":{"width":300,"height":214,"mime-type":"image\/jpeg","filesize":43114,"url":"https:\/\/www.bagesturisme.cat\/wp-content\/uploads\/2026\/03\/anonima_agp1982_8396-previa_2-300x214.jpg"},"portfolio-five":{"width":177,"height":142,"mime-type":"image\/jpeg","filesize":18705,"url":"https:\/\/www.bagesturisme.cat\/wp-content\/uploads\/2026\/03\/anonima_agp1982_8396-previa_2-177x142.jpg"}}},"all_day":false,"start_date":"2026-03-21 10:00:00","start_date_details":{"year":"2026","month":"03","day":"21","hour":"10","minutes":"00","seconds":"00"},"end_date":"2026-03-22 13:00:00","end_date_details":{"year":"2026","month":"03","day":"22","hour":"13","minutes":"00","seconds":"00"},"utc_start_date":"2026-03-21 09:00:00","utc_start_date_details":{"year":"2026","month":"03","day":"21","hour":"09","minutes":"00","seconds":"00"},"utc_end_date":"2026-03-22 12:00:00","utc_end_date_details":{"year":"2026","month":"03","day":"22","hour":"12","minutes":"00","seconds":"00"},"timezone":"UTC+1","timezone_abbr":"UTC+1","cost":"Gratuito","cost_details":{"currency_symbol":"\u20ac","currency_code":"EUR","currency_position":"prefix","values":["0"]},"website":"https:\/\/btiquets.com\/event\/vine-a-visitar-lanonima","show_map":true,"show_map_link":true,"hide_from_listings":false,"sticky":false,"featured":false,"categories":[{"name":"Visites","slug":"visites","term_group":0,"term_taxonomy_id":446,"taxonomy":"tribe_events_cat","description":"","parent":0,"count":10,"filter":"raw","term_order":"0","order":"0","i18n_config":{"name":{"ts":{"ca":"Visites"}}},"id":446,"urls":{"self":"https:\/\/www.bagesturisme.cat\/es\/wp-json\/tribe\/events\/v1\/categories\/446","collection":"https:\/\/www.bagesturisme.cat\/es\/wp-json\/tribe\/events\/v1\/categories"}}],"tags":[],"venue":{"id":17659,"author":"3","status":"publish","date":"2026-03-09 13:52:30","date_utc":"2026-03-09 12:52:30","modified":"2026-03-09 13:52:30","modified_utc":"2026-03-09 12:52:30","url":"https:\/\/www.bagesturisme.cat\/es\/recinto\/lanonima-manresa\/","venue":"L&#8217;An\u00f2nima Manresa","slug":"lanonima-manresa","address":"Carrer de Lluss\u00e0, 9","city":"Manresa","country":"Spain","province":"Barcelona","zip":"08241","stateprovince":"Barcelona","json_ld":{"@type":"Place","name":"L&#8217;An\u00f2nima Manresa","description":"","url":"","address":{"@type":"PostalAddress","streetAddress":"Carrer de Lluss\u00e0, 9","addressLocality":"Manresa","addressRegion":"Barcelona","postalCode":"08241","addressCountry":"Spain"},"telephone":"","sameAs":""},"show_map":true,"show_map_link":true,"global_id":"www.bagesturisme.cat\/es?id=17659","global_id_lineage":["www.bagesturisme.cat\/es?id=17659"]},"organizer":[{"id":17660,"author":"3","status":"publish","date":"2026-03-09 13:52:30","date_utc":"2026-03-09 12:52:30","modified":"2026-03-09 13:52:30","modified_utc":"2026-03-09 12:52:30","url":"https:\/\/www.bagesturisme.cat\/es\/organizador\/ajuntament-de-manresa\/","organizer":"Ajuntament de Manresa","slug":"ajuntament-de-manresa","json_ld":{"@type":"Person","name":"Ajuntament de Manresa","description":"","url":"","telephone":"","email":"","sameAs":""},"global_id":"www.bagesturisme.cat\/es?id=17660","global_id_lineage":["www.bagesturisme.cat\/es?id=17660"]}],"custom_fields":[],"json_ld":{"@context":"http:\/\/schema.org","@type":"Event","name":"Visita guiada a l&#8217;interior de l&#8217;An\u00f2nima","description":"&lt;p&gt;La doble jornada de portes obertes permetr\u00e0 a la ciutadania descobrir el resultat de la primera fase de la rehabilitaci\u00f3 que ha transformat l\u2019edifici per dins conservant la seva ess\u00e8ncia modernista. Visita guiada a l\u2019interior de l\u2019An\u00f2nima. \u00c9s imprescindible reservar pla\u00e7a, a partir del 9 de mar\u00e7, a www.manresaturisme.cat o presencialment a l\u2019Oficina de Turisme  [...]&lt;\/p&gt;\\n","image":"https:\/\/www.bagesturisme.cat\/wp-content\/uploads\/2026\/03\/anonima_agp1982_8396-previa_2.jpg","url":"https:\/\/www.bagesturisme.cat\/es\/agenda\/visita-guiada-a-linterior-de-lanonima\/","eventAttendanceMode":"https:\/\/schema.org\/OfflineEventAttendanceMode","eventStatus":"https:\/\/schema.org\/EventScheduled","startDate":"2026-03-21T10:00:00+01:00","endDate":"2026-03-22T13:00:00+01:00","location":{"@type":"Place","name":"L&#8217;An\u00f2nima Manresa","description":"","url":"","address":{"@type":"PostalAddress","streetAddress":"Carrer de Lluss\u00e0, 9","addressLocality":"Manresa","addressRegion":"Barcelona","postalCode":"08241","addressCountry":"Spain"},"telephone":"","sameAs":""},"organizer":{"@type":"Person","name":"Ajuntament de Manresa","description":"","url":"","telephone":"","email":"","sameAs":""},"offers":{"@type":"Offer","price":"0","priceCurrency":"EUR","url":"https:\/\/www.bagesturisme.cat\/es\/agenda\/visita-guiada-a-linterior-de-lanonima\/","category":"primary","availability":"inStock","validFrom":"1970-01-01T00:00:00+00:00"},"performer":"Organization"}}